{"id":5125,"date":"2025-05-21T16:34:07","date_gmt":"2025-05-21T14:34:07","guid":{"rendered":"https:\/\/mitcreators.com\/blog\/barcelona-uno-de-los-destinos-de-eventos-mas-sostenibles-de-europa\/"},"modified":"2025-05-27T12:21:28","modified_gmt":"2025-05-27T10:21:28","slug":"barcelona-uno-de-los-destinos-de-eventos-mas-sostenibles-de-europa","status":"publish","type":"post","link":"https:\/\/mitcreators.com\/es\/blog\/barcelona-uno-de-los-destinos-de-eventos-mas-sostenibles-de-europa\/","title":{"rendered":"Barcelona, uno de los destinos de eventos m\u00e1s sostenibles de Europa"},"content":{"rendered":"\t\t<div data-elementor-type=\"wp-post\" data-elementor-id=\"5125\" class=\"elementor elementor-5125 elementor-4483\" data-elementor-post-type=\"post\">\n\t\t\t\t<div class=\"elementor-element elementor-element-e1a8331 e-con-full e-flex e-con e-parent\" data-id=\"e1a8331\" data-element_type=\"container\" data-e-type=\"container\">\n\t\t\t\t<div class=\"elementor-element elementor-element-fbf5fe7 elementor-widget elementor-widget-text-editor\" data-id=\"fbf5fe7\" data-element_type=\"widget\" data-e-type=\"widget\" data-widget_type=\"text-editor.default\">\n\t\t\t\t<div class=\"elementor-widget-container\">\n\t\t\t\t\t\t\t\t\t<p data-start=\"385\" data-end=\"729\">En los \u00faltimos a\u00f1os, Barcelona ha emergido como l\u00edder mundial en sostenibilidad urbana. No solo ofrece una rica historia y una arquitectura de primera clase, sino que tambi\u00e9n es una ciudad sostenible l\u00edder en Europa, que combina innovaci\u00f3n, vida verde y responsabilidad social. <\/p><p data-start=\"385\" data-end=\"729\">De hecho, las iniciativas de sostenibilidad de Barcelona est\u00e1n cambiando nuestra forma de concebir la vida urbana y los viajes de empresa.<\/p>\t\t\t\t\t\t\t\t<\/div>\n\t\t\t\t<\/div>\n\t\t<div class=\"elementor-element elementor-element-b6fbe32 e-con-full e-flex e-con e-child\" data-id=\"b6fbe32\" data-element_type=\"container\" data-e-type=\"container\">\n\t\t<div class=\"elementor-element elementor-element-edc9a41 e-con-full e-flex e-con e-child\" data-id=\"edc9a41\" data-element_type=\"container\" data-e-type=\"container\">\n\t\t<div class=\"elementor-element elementor-element-6cda59d e-con-full e-flex e-con e-child\" data-id=\"6cda59d\" data-element_type=\"container\" data-e-type=\"container\">\n\t\t\t\t<div class=\"elementor-element elementor-element-83a7a3e elementor-widget elementor-widget-heading\" data-id=\"83a7a3e\" data-element_type=\"widget\" data-e-type=\"widget\" data-widget_type=\"heading.default\">\n\t\t\t\t<div class=\"elementor-widget-container\">\n\t\t\t\t\t<h2 class=\"elementor-heading-title elementor-size-default\">Movilidad sostenible<\/h2>\t\t\t\t<\/div>\n\t\t\t\t<\/div>\n\t\t\t\t<div class=\"elementor-element elementor-element-035b2b2 elementor-widget-laptop__width-initial elementor-widget elementor-widget-text-editor\" data-id=\"035b2b2\" data-element_type=\"widget\" data-e-type=\"widget\" data-widget_type=\"text-editor.default\">\n\t\t\t\t<div class=\"elementor-widget-container\">\n\t\t\t\t\t\t\t\t\t<p>Moverse por Barcelona no s\u00f3lo es f\u00e1cil, sino tambi\u00e9n sostenible.<\/p>\n<p>La ciudad ofrece:<\/p>\n<ul>\n<li>Un sistema integral de metro y autob\u00fas propulsado por energ\u00edas limpias<\/li>\n<li>M\u00e1s de 200 km de carril bici y un amplio programa p\u00fablico de bicicletas compartidas (Bicing)<\/li>\n<li>Incentivos para veh\u00edculos el\u00e9ctricos y taxis h\u00edbridos<\/li>\n<\/ul>\n<p>Tanto si se desplaza a un evento corporativo en Barcelona como si la visita, las opciones de viaje ecol\u00f3gicas est\u00e1n por todas partes.<\/p>\t\t\t\t\t\t\t\t<\/div>\n\t\t\t\t<\/div>\n\t\t<div class=\"elementor-element elementor-element-6cb4335 e-con-full e-flex e-con e-child\" data-id=\"6cb4335\" data-element_type=\"container\" data-e-type=\"container\">\n\t\t\t\t<div class=\"elementor-element elementor-element-17a876d elementor-widget-laptop__width-initial elementor-widget elementor-widget-image\" data-id=\"17a876d\" data-element_type=\"widget\" data-e-type=\"widget\" data-widget_type=\"image.default\">\n\t\t\t\t<div class=\"elementor-widget-container\">\n\t\t\t\t\t\t\t\t\t\t\t\t\t\t\t<img loading=\"lazy\" decoding=\"async\" loading=\"lazy\" width=\"768\" height=\"497\" src=\"https:\/\/mitcreators.com\/wp-content\/uploads\/2025\/05\/img_6575-1024x663-1-768x497.webp\" class=\"attachment-medium_large size-medium_large wp-image-4739\" alt=\"Two locals riding a bike on the bike lines on the streets of Barcelona\" srcset=\"https:\/\/mitcreators.com\/wp-content\/uploads\/2025\/05\/img_6575-1024x663-1-768x497.webp 768w, https:\/\/mitcreators.com\/wp-content\/uploads\/2025\/05\/img_6575-1024x663-1-300x194.webp 300w, https:\/\/mitcreators.com\/wp-content\/uploads\/2025\/05\/img_6575-1024x663-1-1000x647.webp 1000w, https:\/\/mitcreators.com\/wp-content\/uploads\/2025\/05\/img_6575-1024x663-1.webp 1024w\" sizes=\"auto, (max-width: 768px) 100vw, 768px\" \/>\t\t\t\t\t\t\t\t\t\t\t\t\t\t\t<\/div>\n\t\t\t\t<\/div>\n\t\t\t\t<\/div>\n\t\t\t\t<\/div>\n\t\t<div class=\"elementor-element elementor-element-81f2dba e-con-full e-flex e-con e-child\" data-id=\"81f2dba\" data-element_type=\"container\" data-e-type=\"container\">\n\t\t\t\t<div class=\"elementor-element elementor-element-f8b83d2 elementor-widget elementor-widget-heading\" data-id=\"f8b83d2\" data-element_type=\"widget\" data-e-type=\"widget\" data-widget_type=\"heading.default\">\n\t\t\t\t<div class=\"elementor-widget-container\">\n\t\t\t\t\t<h2 class=\"elementor-heading-title elementor-size-default\">Los superbloques (Superilles)<\/h2>\t\t\t\t<\/div>\n\t\t\t\t<\/div>\n\t\t\t\t<div class=\"elementor-element elementor-element-cd1f523 elementor-widget-laptop__width-initial elementor-widget elementor-widget-text-editor\" data-id=\"cd1f523\" data-element_type=\"widget\" data-e-type=\"widget\" data-widget_type=\"text-editor.default\">\n\t\t\t\t<div class=\"elementor-widget-container\">\n\t\t\t\t\t\t\t\t\t<p><span style=\"font-size: medium;\">Una de las iniciativas de sostenibilidad m\u00e1s sonadas en Europa, <\/span><span class=\"notion-enable-hover\" style=\"font-weight: 600;\" data-token-index=\"1\">Superbloques<\/span><span style=\"font-size: medium;\">  son grupos de manzanas cerradas al tr\u00e1fico. Este innovador modelo urbano: <\/span><\/p><ul><li>Reduce las emisiones de los coches<\/li><li>Recuperar el espacio p\u00fablico para peatones y ciclistas<\/li><li>A\u00f1ade \u00e1rboles, parques infantiles y jardines comunitarios<\/li><\/ul><p>Adem\u00e1s, con m\u00e1s del 70% de los residentes viviendo a menos de 300 metros de una zona verde, los superbloques de Barcelona no s\u00f3lo son un ejemplo de vida ecol\u00f3gica accesible, sino que tambi\u00e9n representan un paso audaz hacia un futuro urbano de bajas emisiones y alto bienestar.<\/p>\t\t\t\t\t\t\t\t<\/div>\n\t\t\t\t<\/div>\n\t\t<div class=\"elementor-element elementor-element-9532444 e-con-full e-flex e-con e-child\" data-id=\"9532444\" data-element_type=\"container\" data-e-type=\"container\">\n\t\t\t\t<div class=\"elementor-element elementor-element-6cf74cb elementor-widget-laptop__width-initial elementor-widget elementor-widget-image\" data-id=\"6cf74cb\" data-element_type=\"widget\" data-e-type=\"widget\" data-widget_type=\"image.default\">\n\t\t\t\t<div class=\"elementor-widget-container\">\n\t\t\t\t\t\t\t\t\t\t\t\t\t\t\t<img loading=\"lazy\" decoding=\"async\" loading=\"lazy\" width=\"768\" height=\"507\" src=\"https:\/\/mitcreators.com\/wp-content\/uploads\/2025\/05\/barcelona-superblocks2.jpg-768x507.webp\" class=\"attachment-medium_large size-medium_large wp-image-4652\" alt=\"Barcelona superblocks\" srcset=\"https:\/\/mitcreators.com\/wp-content\/uploads\/2025\/05\/barcelona-superblocks2.jpg-768x507.webp 768w, https:\/\/mitcreators.com\/wp-content\/uploads\/2025\/05\/barcelona-superblocks2.jpg-300x198.webp 300w, https:\/\/mitcreators.com\/wp-content\/uploads\/2025\/05\/barcelona-superblocks2.jpg.webp 795w\" sizes=\"auto, (max-width: 768px) 100vw, 768px\" \/>\t\t\t\t\t\t\t\t\t\t\t\t\t\t\t<\/div>\n\t\t\t\t<\/div>\n\t\t\t\t<\/div>\n\t\t\t\t<\/div>\n\t\t\t\t<\/div>\n\t\t\t\t<div class=\"elementor-element elementor-element-835ab43 elementor-widget elementor-widget-spacer\" data-id=\"835ab43\" data-element_type=\"widget\" data-e-type=\"widget\" data-widget_type=\"spacer.default\">\n\t\t\t\t<div class=\"elementor-widget-container\">\n\t\t\t\t\t\t\t<div class=\"elementor-spacer\">\n\t\t\t<div class=\"elementor-spacer-inner\"><\/div>\n\t\t<\/div>\n\t\t\t\t\t\t<\/div>\n\t\t\t\t<\/div>\n\t\t\t\t<div class=\"elementor-element elementor-element-98d5e04 elementor-widget elementor-widget-heading\" data-id=\"98d5e04\" data-element_type=\"widget\" data-e-type=\"widget\" data-widget_type=\"heading.default\">\n\t\t\t\t<div class=\"elementor-widget-container\">\n\t\t\t\t\t<h2 class=\"elementor-heading-title elementor-size-default\">Una ciudad dise\u00f1ada para las personas y el planeta<\/h2>\t\t\t\t<\/div>\n\t\t\t\t<\/div>\n\t\t<div class=\"elementor-element elementor-element-b833a41 e-con-full e-flex e-con e-child\" data-id=\"b833a41\" data-element_type=\"container\" data-e-type=\"container\">\n\t\t\t\t<div class=\"elementor-element elementor-element-f8abd24 elementor-widget-laptop__width-initial elementor-widget__width-initial elementor-widget elementor-widget-text-editor\" data-id=\"f8abd24\" data-element_type=\"widget\" data-e-type=\"widget\" data-widget_type=\"text-editor.default\">\n\t\t\t\t<div class=\"elementor-widget-container\">\n\t\t\t\t\t\t\t\t\t<p> <\/p><p>Barcelona lleva d\u00e9cadas transformando su tejido urbano para dar prioridad a la calidad de vida, la transitabilidad y los espacios verdes. Gracias a sus pol\u00edticas pioneras de sostenibilidad, la ciudad figura sistem\u00e1ticamente entre las m\u00e1s respetuosas con el medio ambiente de Europa. <\/p><p>Esto es lo que diferencia a Barcelona:<\/p><p>1. Los superbloques (Superilles)<\/p><p>2. Movilidad sostenible<\/p><p>3. 3. Energ\u00eda verde<\/p>\t\t\t\t\t\t\t\t<\/div>\n\t\t\t\t<\/div>\n\t\t<div class=\"elementor-element elementor-element-ae23dae e-con-full e-flex e-con e-child\" data-id=\"ae23dae\" data-element_type=\"container\" data-e-type=\"container\">\n\t\t\t\t<div class=\"elementor-element elementor-element-775aea2 elementor-widget elementor-widget-image\" data-id=\"775aea2\" data-element_type=\"widget\" data-e-type=\"widget\" data-widget_type=\"image.default\">\n\t\t\t\t<div class=\"elementor-widget-container\">\n\t\t\t\t\t\t\t\t\t\t\t\t\t\t\t<img loading=\"lazy\" decoding=\"async\" loading=\"lazy\" width=\"756\" height=\"528\" src=\"https:\/\/mitcreators.com\/wp-content\/uploads\/2025\/05\/visual-selection-2.webp\" class=\"attachment-large size-large wp-image-4650\" alt=\"Graphic stating three sustainable initiatives in Barcelona\" srcset=\"https:\/\/mitcreators.com\/wp-content\/uploads\/2025\/05\/visual-selection-2.webp 756w, https:\/\/mitcreators.com\/wp-content\/uploads\/2025\/05\/visual-selection-2-300x210.webp 300w\" sizes=\"auto, (max-width: 756px) 100vw, 756px\" \/>\t\t\t\t\t\t\t\t\t\t\t\t\t\t\t<\/div>\n\t\t\t\t<\/div>\n\t\t\t\t<\/div>\n\t\t\t\t<\/div>\n\t\t\t\t<div class=\"elementor-element elementor-element-cd3f4f4 elementor-widget elementor-widget-spacer\" data-id=\"cd3f4f4\" data-element_type=\"widget\" data-e-type=\"widget\" data-widget_type=\"spacer.default\">\n\t\t\t\t<div class=\"elementor-widget-container\">\n\t\t\t\t\t\t\t<div class=\"elementor-spacer\">\n\t\t\t<div class=\"elementor-spacer-inner\"><\/div>\n\t\t<\/div>\n\t\t\t\t\t\t<\/div>\n\t\t\t\t<\/div>\n\t\t\t\t<\/div>\n\t\t<div class=\"elementor-element elementor-element-73b6f28 e-flex e-con-boxed e-con e-child\" data-id=\"73b6f28\" data-element_type=\"container\" data-e-type=\"container\">\n\t\t\t\t\t<div class=\"e-con-inner\">\n\t\t\t\t<div class=\"elementor-element elementor-element-45a3b63 elementor-widget elementor-widget-heading\" data-id=\"45a3b63\" data-element_type=\"widget\" data-e-type=\"widget\" data-widget_type=\"heading.default\">\n\t\t\t\t<div class=\"elementor-widget-container\">\n\t\t\t\t\t<h2 class=\"elementor-heading-title elementor-size-default\">Energ\u00eda verde y acci\u00f3n por el clima<\/h2>\t\t\t\t<\/div>\n\t\t\t\t<\/div>\n\t\t\t\t<div class=\"elementor-element elementor-element-1f450cc elementor-widget elementor-widget-text-editor\" data-id=\"1f450cc\" data-element_type=\"widget\" data-e-type=\"widget\" data-widget_type=\"text-editor.default\">\n\t\t\t\t<div class=\"elementor-widget-container\">\n\t\t\t\t\t\t\t\t\t<p>Barcelona tambi\u00e9n est\u00e1 haciendo progresos significativos en energ\u00edas renovables y adaptaci\u00f3n al clima.<\/p><p>La ciudad se ha comprometido a:<\/p><ul><li>Lograr la neutralidad clim\u00e1tica en 2030<\/li><li>Ampliar la instalaci\u00f3n de paneles solares en los edificios p\u00fablicos<\/li><li>Invertir en sistemas de redes inteligentes para gestionar eficientemente el uso de la energ\u00eda<\/li><\/ul><p>Adem\u00e1s, el Ayuntamiento de Barcelona est\u00e1 apoyando activamente a las empresas que se alinean con modelos de innovaci\u00f3n sostenible y econom\u00eda circular.<\/p>\t\t\t\t\t\t\t\t<\/div>\n\t\t\t\t<\/div>\n\t\t\t\t\t<\/div>\n\t\t\t\t<\/div>\n\t\t<div class=\"elementor-element elementor-element-601c346 e-flex e-con-boxed e-con e-child\" data-id=\"601c346\" data-element_type=\"container\" data-e-type=\"container\">\n\t\t\t\t\t<div class=\"e-con-inner\">\n\t\t\t\t<div class=\"elementor-element elementor-element-2ca20be elementor-widget elementor-widget-spacer\" data-id=\"2ca20be\" data-element_type=\"widget\" data-e-type=\"widget\" data-widget_type=\"spacer.default\">\n\t\t\t\t<div class=\"elementor-widget-container\">\n\t\t\t\t\t\t\t<div class=\"elementor-spacer\">\n\t\t\t<div class=\"elementor-spacer-inner\"><\/div>\n\t\t<\/div>\n\t\t\t\t\t\t<\/div>\n\t\t\t\t<\/div>\n\t\t\t\t<div class=\"elementor-element elementor-element-da4cc62 elementor-widget elementor-widget-heading\" data-id=\"da4cc62\" data-element_type=\"widget\" data-e-type=\"widget\" data-widget_type=\"heading.default\">\n\t\t\t\t<div class=\"elementor-widget-container\">\n\t\t\t\t\t<h2 class=\"elementor-heading-title elementor-size-default\">Eventos con cero residuos y turismo responsable<\/h2>\t\t\t\t<\/div>\n\t\t\t\t<\/div>\n\t\t\t\t<div class=\"elementor-element elementor-element-dc0d668 elementor-widget elementor-widget-text-editor\" data-id=\"dc0d668\" data-element_type=\"widget\" data-e-type=\"widget\" data-widget_type=\"text-editor.default\">\n\t\t\t\t<div class=\"elementor-widget-container\">\n\t\t\t\t\t\t\t\t\t<p>Barcelona est\u00e1 marcando la pauta en eventos corporativos sostenibles y pr\u00e1cticas de turismo verde. A trav\u00e9s del programa Barcelona Sustainable Tourism, la ciudad se asocia con sedes, hoteles y proveedores comprometidos: <\/p><ul><li>Operaciones sin pl\u00e1stico<\/li><li>Catering sin residuos<\/li><li>Comida y bebida de origen local<\/li><li>Certificaciones ecol\u00f3gicas como EMAS, ISO 14001 y Biosphere<\/li><\/ul><p>Tanto si est\u00e1 planeando un viaje de incentivo sostenible, como una reuni\u00f3n de equipo o una conferencia a gran escala, Barcelona le ofrece la infraestructura y la mentalidad necesarias para hacerlo de forma responsable.<\/p>\t\t\t\t\t\t\t\t<\/div>\n\t\t\t\t<\/div>\n\t\t\t\t\t<\/div>\n\t\t\t\t<\/div>\n\t\t<div class=\"elementor-element elementor-element-91a547c e-flex e-con-boxed e-con e-child\" data-id=\"91a547c\" data-element_type=\"container\" data-e-type=\"container\">\n\t\t\t\t\t<div class=\"e-con-inner\">\n\t\t\t\t<div class=\"elementor-element elementor-element-ce7ed37 elementor-widget elementor-widget-spacer\" data-id=\"ce7ed37\" data-element_type=\"widget\" data-e-type=\"widget\" data-widget_type=\"spacer.default\">\n\t\t\t\t<div class=\"elementor-widget-container\">\n\t\t\t\t\t\t\t<div class=\"elementor-spacer\">\n\t\t\t<div class=\"elementor-spacer-inner\"><\/div>\n\t\t<\/div>\n\t\t\t\t\t\t<\/div>\n\t\t\t\t<\/div>\n\t\t\t\t<div class=\"elementor-element elementor-element-b74dfc0 elementor-widget elementor-widget-heading\" data-id=\"b74dfc0\" data-element_type=\"widget\" data-e-type=\"widget\" data-widget_type=\"heading.default\">\n\t\t\t\t<div class=\"elementor-widget-container\">\n\t\t\t\t\t<h2 class=\"elementor-heading-title elementor-size-default\">Naturaleza urbana e infraestructura verde<\/h2>\t\t\t\t<\/div>\n\t\t\t\t<\/div>\n\t\t\t\t<div class=\"elementor-element elementor-element-03283e3 elementor-widget elementor-widget-text-editor\" data-id=\"03283e3\" data-element_type=\"widget\" data-e-type=\"widget\" data-widget_type=\"text-editor.default\">\n\t\t\t\t<div class=\"elementor-widget-container\">\n\t\t\t\t\t\t\t\t\t<p>Adem\u00e1s de la pol\u00edtica, Barcelona invierte mucho en <strong>infraestructuras verdes<\/strong>. Esto incluye: <\/p><ul><li>El <strong>proyecto Techos Verdes<\/strong> convierte las azoteas en jardines<\/li><li>Ampliaci\u00f3n de <strong>parques urbanos y corredores naturales<\/strong><\/li><li>Restauraci\u00f3n de los <strong>ecosistemas costeros<\/strong> del Mediterr\u00e1neo<\/li><\/ul><p>Estos esfuerzos no s\u00f3lo favorecen la biodiversidad, sino que tambi\u00e9n crean espacios m\u00e1s saludables tanto para los residentes como para los visitantes.<\/p>\t\t\t\t\t\t\t\t<\/div>\n\t\t\t\t<\/div>\n\t\t\t\t<div class=\"elementor-element elementor-element-918b934 elementor-widget elementor-widget-spacer\" data-id=\"918b934\" data-element_type=\"widget\" data-e-type=\"widget\" data-widget_type=\"spacer.default\">\n\t\t\t\t<div class=\"elementor-widget-container\">\n\t\t\t\t\t\t\t<div class=\"elementor-spacer\">\n\t\t\t<div class=\"elementor-spacer-inner\"><\/div>\n\t\t<\/div>\n\t\t\t\t\t\t<\/div>\n\t\t\t\t<\/div>\n\t\t\t\t<div class=\"elementor-element elementor-element-529c51e elementor-widget elementor-widget-heading\" data-id=\"529c51e\" data-element_type=\"widget\" data-e-type=\"widget\" data-widget_type=\"heading.default\">\n\t\t\t\t<div class=\"elementor-widget-container\">\n\t\t\t\t\t<h2 class=\"elementor-heading-title elementor-size-default\">\ud83c\udf0d Hagamos de la sostenibilidad su firma<\/h2>\t\t\t\t<\/div>\n\t\t\t\t<\/div>\n\t\t\t\t<div class=\"elementor-element elementor-element-d20e247 elementor-widget elementor-widget-text-editor\" data-id=\"d20e247\" data-element_type=\"widget\" data-e-type=\"widget\" data-widget_type=\"text-editor.default\">\n\t\t\t\t<div class=\"elementor-widget-container\">\n\t\t\t\t\t\t\t\t\t<p data-start=\"204\" data-end=\"390\">Barcelona no es s\u00f3lo un hermoso tel\u00f3n de fondo, es un modelo vivo de innovaci\u00f3n sostenible. Celebrar aqu\u00ed su pr\u00f3ximo evento significa adoptar una forma m\u00e1s inteligente y ecol\u00f3gica de conectar, comprometerse y liderar. <\/p><p data-start=\"392\" data-end=\"617\">En MIT Creators, convertimos su visi\u00f3n en una experiencia significativa, combinando creatividad con una planificaci\u00f3n consciente. Si est\u00e1 organizando una cumbre, un viaje de incentivo o un retiro, estamos aqu\u00ed para ayudarle a conseguir un impacto duradero. <\/p><p data-start=\"619\" data-end=\"817\">\ud83d\udc49 <strong data-start=\"622\" data-end=\"697\">Descubra c\u00f3mo podemos ayudarle a organizar su evento sostenible en Barcelona<\/strong>: <a class=\"\" href=\"https:\/\/mitcreators.com\/es\/?page_id=4768\" target=\"_new\" rel=\"noopener\" data-start=\"699\" data-end=\"817\">Explore nuestros servicios de gesti\u00f3n de destinos<\/a><\/p>\t\t\t\t\t\t\t\t<\/div>\n\t\t\t\t<\/div>\n\t\t\t\t<div class=\"elementor-element elementor-element-5389825 elementor-widget elementor-widget-spacer\" data-id=\"5389825\" data-element_type=\"widget\" data-e-type=\"widget\" data-widget_type=\"spacer.default\">\n\t\t\t\t<div class=\"elementor-widget-container\">\n\t\t\t\t\t\t\t<div class=\"elementor-spacer\">\n\t\t\t<div class=\"elementor-spacer-inner\"><\/div>\n\t\t<\/div>\n\t\t\t\t\t\t<\/div>\n\t\t\t\t<\/div>\n\t\t\t\t<div class=\"elementor-element elementor-element-733893a elementor-cta--skin-classic elementor-animated-content elementor-bg-transform elementor-bg-transform-zoom-in elementor-widget elementor-widget-call-to-action\" data-id=\"733893a\" data-element_type=\"widget\" data-e-type=\"widget\" data-widget_type=\"call-to-action.default\">\n\t\t\t\t<div class=\"elementor-widget-container\">\n\t\t\t\t\t\t\t<div class=\"elementor-cta\">\n\t\t\t\t\t<div class=\"elementor-cta__bg-wrapper\">\n\t\t\t\t<div class=\"elementor-cta__bg elementor-bg\" style=\"background-image: url(https:\/\/mitcreators.com\/wp-content\/uploads\/2025\/05\/68917297-b853-4de8-aacc-02c41056788b_16-9-discover-aspect-ratio_default_0-1000x563.webp);\" role=\"img\" aria-label=\"Discover Barcelona\u2019s Parc de la Ciutadella\u2014an ideal venue for sustainable events by MIT Creators, expert DMC in Barcelona.\"><\/div>\n\t\t\t\t<div class=\"elementor-cta__bg-overlay\"><\/div>\n\t\t\t<\/div>\n\t\t\t\t\t\t\t<div class=\"elementor-cta__content\">\n\t\t\t\t\n\t\t\t\t\t\t\t\t\t<h2 class=\"elementor-cta__title elementor-cta__content-item elementor-content-item\">\n\t\t\t\t\t\tCreemos algo extraordinario y sostenible.\t\t\t\t\t<\/h2>\n\t\t\t\t\n\t\t\t\t\t\t\t\t\t<div class=\"elementor-cta__description elementor-cta__content-item elementor-content-item\">\n\t\t\t\t\t\tOrganice un evento sostenible y de gran impacto con nosotros, expertos en espacios ecol\u00f3gicos, experiencias locales y log\u00edstica ecol\u00f3gica.\t\t\t\t\t<\/div>\n\t\t\t\t\n\t\t\t\t\t\t\t\t\t<div class=\"elementor-cta__button-wrapper elementor-cta__content-item elementor-content-item \">\n\t\t\t\t\t<a class=\"elementor-cta__button elementor-button elementor-size-\" href=\"https:\/\/mitcreators.com\/es\/contacto\/\">\n\t\t\t\t\t\tHaga clic aqu\u00ed\t\t\t\t\t<\/a>\n\t\t\t\t\t<\/div>\n\t\t\t\t\t\t\t<\/div>\n\t\t\t\t\t\t<\/div>\n\t\t\t\t\t\t<\/div>\n\t\t\t\t<\/div>\n\t\t\t\t\t<\/div>\n\t\t\t\t<\/div>\n\t\t\t\t<\/div>\n\t\t\t\t<\/div>\n\t\t","protected":false},"excerpt":{"rendered":"<p>En los \u00faltimos a\u00f1os, Barcelona ha emergido como l\u00edder mundial en sostenibilidad urbana. No solo ofrece una rica historia y una arquitectura de primera clase, sino que tambi\u00e9n es una ciudad sostenible l\u00edder en Europa, que combina innovaci\u00f3n, vida verde y responsabilidad social. De hecho, las iniciativas de sostenibilidad de Barcelona est\u00e1n cambiando nuestra forma [&hellip;]<\/p>\n","protected":false},"author":7,"featured_media":4559,"comment_status":"closed","ping_status":"closed","sticky":false,"template":"","format":"standard","meta":{"nf_dc_page":"","footnotes":""},"categories":[],"tags":[177,160,166],"class_list":["post-5125","post","type-post","status-publish","format-standard","has-post-thumbnail","hentry","tag-eventos-ecologicos","tag-eventos-sostenibles","tag-los-mejores-lugares-para-eventos-de-empresa"],"yoast_head":"<!-- This site is optimized with the Yoast SEO plugin v27.4 - https:\/\/yoast.com\/product\/yoast-seo-wordpress\/ -->\n<title>Barcelona, una de las ciudades m\u00e1s sostenibles de Europa<\/title>\n<meta name=\"description\" content=\"Descubra por qu\u00e9 Barcelona es una ciudad l\u00edder en sostenibilidad, con transportes ecol\u00f3gicos, espacios verdes y una planificaci\u00f3n urbana inteligente.\" \/>\n<meta name=\"robots\" content=\"index, follow, max-snippet:-1, max-image-preview:large, max-video-preview:-1\" \/>\n<link rel=\"canonical\" href=\"https:\/\/mitcreators.com\/es\/blog\/barcelona-uno-de-los-destinos-de-eventos-mas-sostenibles-de-europa\/\" \/>\n<meta property=\"og:locale\" content=\"es_ES\" \/>\n<meta property=\"og:type\" content=\"article\" \/>\n<meta property=\"og:title\" content=\"Barcelona, una de las ciudades m\u00e1s sostenibles de Europa\" \/>\n<meta property=\"og:description\" content=\"Descubra por qu\u00e9 Barcelona es una ciudad l\u00edder en sostenibilidad, con transportes ecol\u00f3gicos, espacios verdes y una planificaci\u00f3n urbana inteligente.\" \/>\n<meta property=\"og:url\" content=\"https:\/\/mitcreators.com\/es\/blog\/barcelona-uno-de-los-destinos-de-eventos-mas-sostenibles-de-europa\/\" \/>\n<meta property=\"og:site_name\" content=\"MIT creators\" \/>\n<meta property=\"article:published_time\" content=\"2025-05-21T14:34:07+00:00\" \/>\n<meta property=\"article:modified_time\" content=\"2025-05-27T10:21:28+00:00\" \/>\n<meta property=\"og:image\" content=\"https:\/\/mitcreators.com\/wp-content\/uploads\/2025\/05\/ciudad-sostenible.jpeg\" \/>\n\t<meta property=\"og:image:width\" content=\"1920\" \/>\n\t<meta property=\"og:image:height\" content=\"1080\" \/>\n\t<meta property=\"og:image:type\" content=\"image\/jpeg\" \/>\n<meta name=\"author\" content=\"Gabriela\" \/>\n<meta name=\"twitter:card\" content=\"summary_large_image\" \/>\n<meta name=\"twitter:label1\" content=\"Escrito por\" \/>\n\t<meta name=\"twitter:data1\" content=\"Gabriela\" \/>\n\t<meta name=\"twitter:label2\" content=\"Tiempo de lectura\" \/>\n\t<meta name=\"twitter:data2\" content=\"4 minutos\" \/>\n<script type=\"application\/ld+json\" class=\"yoast-schema-graph\">{\"@context\":\"https:\\\/\\\/schema.org\",\"@graph\":[{\"@type\":\"Article\",\"@id\":\"https:\\\/\\\/mitcreators.com\\\/es\\\/blog\\\/barcelona-uno-de-los-destinos-de-eventos-mas-sostenibles-de-europa\\\/#article\",\"isPartOf\":{\"@id\":\"https:\\\/\\\/mitcreators.com\\\/es\\\/blog\\\/barcelona-uno-de-los-destinos-de-eventos-mas-sostenibles-de-europa\\\/\"},\"author\":{\"name\":\"Gabriela\",\"@id\":\"http:\\\/\\\/box5757.temp.domains\\\/~mitcreat\\\/#\\\/schema\\\/person\\\/1d249f1d2b5e8fc3047de69871343baa\"},\"headline\":\"Barcelona, uno de los destinos de eventos m\u00e1s sostenibles de Europa\",\"datePublished\":\"2025-05-21T14:34:07+00:00\",\"dateModified\":\"2025-05-27T10:21:28+00:00\",\"mainEntityOfPage\":{\"@id\":\"https:\\\/\\\/mitcreators.com\\\/es\\\/blog\\\/barcelona-uno-de-los-destinos-de-eventos-mas-sostenibles-de-europa\\\/\"},\"wordCount\":728,\"publisher\":{\"@id\":\"http:\\\/\\\/box5757.temp.domains\\\/~mitcreat\\\/#organization\"},\"image\":{\"@id\":\"https:\\\/\\\/mitcreators.com\\\/es\\\/blog\\\/barcelona-uno-de-los-destinos-de-eventos-mas-sostenibles-de-europa\\\/#primaryimage\"},\"thumbnailUrl\":\"https:\\\/\\\/mitcreators.com\\\/wp-content\\\/uploads\\\/2025\\\/05\\\/ciudad-sostenible.jpeg\",\"keywords\":[\"Eventos ecol\u00f3gicos\",\"Eventos sostenibles\",\"Los mejores lugares para eventos de empresa\"],\"inLanguage\":\"es\"},{\"@type\":\"WebPage\",\"@id\":\"https:\\\/\\\/mitcreators.com\\\/es\\\/blog\\\/barcelona-uno-de-los-destinos-de-eventos-mas-sostenibles-de-europa\\\/\",\"url\":\"https:\\\/\\\/mitcreators.com\\\/es\\\/blog\\\/barcelona-uno-de-los-destinos-de-eventos-mas-sostenibles-de-europa\\\/\",\"name\":\"Barcelona, una de las ciudades m\u00e1s sostenibles de Europa\",\"isPartOf\":{\"@id\":\"http:\\\/\\\/box5757.temp.domains\\\/~mitcreat\\\/#website\"},\"primaryImageOfPage\":{\"@id\":\"https:\\\/\\\/mitcreators.com\\\/es\\\/blog\\\/barcelona-uno-de-los-destinos-de-eventos-mas-sostenibles-de-europa\\\/#primaryimage\"},\"image\":{\"@id\":\"https:\\\/\\\/mitcreators.com\\\/es\\\/blog\\\/barcelona-uno-de-los-destinos-de-eventos-mas-sostenibles-de-europa\\\/#primaryimage\"},\"thumbnailUrl\":\"https:\\\/\\\/mitcreators.com\\\/wp-content\\\/uploads\\\/2025\\\/05\\\/ciudad-sostenible.jpeg\",\"datePublished\":\"2025-05-21T14:34:07+00:00\",\"dateModified\":\"2025-05-27T10:21:28+00:00\",\"description\":\"Descubra por qu\u00e9 Barcelona es una ciudad l\u00edder en sostenibilidad, con transportes ecol\u00f3gicos, espacios verdes y una planificaci\u00f3n urbana inteligente.\",\"breadcrumb\":{\"@id\":\"https:\\\/\\\/mitcreators.com\\\/es\\\/blog\\\/barcelona-uno-de-los-destinos-de-eventos-mas-sostenibles-de-europa\\\/#breadcrumb\"},\"inLanguage\":\"es\",\"potentialAction\":[{\"@type\":\"ReadAction\",\"target\":[\"https:\\\/\\\/mitcreators.com\\\/es\\\/blog\\\/barcelona-uno-de-los-destinos-de-eventos-mas-sostenibles-de-europa\\\/\"]}]},{\"@type\":\"ImageObject\",\"inLanguage\":\"es\",\"@id\":\"https:\\\/\\\/mitcreators.com\\\/es\\\/blog\\\/barcelona-uno-de-los-destinos-de-eventos-mas-sostenibles-de-europa\\\/#primaryimage\",\"url\":\"https:\\\/\\\/mitcreators.com\\\/wp-content\\\/uploads\\\/2025\\\/05\\\/ciudad-sostenible.jpeg\",\"contentUrl\":\"https:\\\/\\\/mitcreators.com\\\/wp-content\\\/uploads\\\/2025\\\/05\\\/ciudad-sostenible.jpeg\",\"width\":1920,\"height\":1080,\"caption\":\"Building in Barcelona with trees in the balcony\"},{\"@type\":\"BreadcrumbList\",\"@id\":\"https:\\\/\\\/mitcreators.com\\\/es\\\/blog\\\/barcelona-uno-de-los-destinos-de-eventos-mas-sostenibles-de-europa\\\/#breadcrumb\",\"itemListElement\":[{\"@type\":\"ListItem\",\"position\":1,\"name\":\"Home\",\"item\":\"https:\\\/\\\/mitcreators.com\\\/es\\\/\"},{\"@type\":\"ListItem\",\"position\":2,\"name\":\"Barcelona, uno de los destinos de eventos m\u00e1s sostenibles de Europa\"}]},{\"@type\":\"WebSite\",\"@id\":\"http:\\\/\\\/box5757.temp.domains\\\/~mitcreat\\\/#website\",\"url\":\"http:\\\/\\\/box5757.temp.domains\\\/~mitcreat\\\/\",\"name\":\"MIT creators\",\"description\":\"Marketing, incentive and travel solutions\",\"publisher\":{\"@id\":\"http:\\\/\\\/box5757.temp.domains\\\/~mitcreat\\\/#organization\"},\"alternateName\":\"MIT\",\"potentialAction\":[{\"@type\":\"SearchAction\",\"target\":{\"@type\":\"EntryPoint\",\"urlTemplate\":\"http:\\\/\\\/box5757.temp.domains\\\/~mitcreat\\\/?s={search_term_string}\"},\"query-input\":{\"@type\":\"PropertyValueSpecification\",\"valueRequired\":true,\"valueName\":\"search_term_string\"}}],\"inLanguage\":\"es\"},{\"@type\":\"Organization\",\"@id\":\"http:\\\/\\\/box5757.temp.domains\\\/~mitcreat\\\/#organization\",\"name\":\"MIT creators\",\"alternateName\":\"MIT creators\",\"url\":\"http:\\\/\\\/box5757.temp.domains\\\/~mitcreat\\\/\",\"logo\":{\"@type\":\"ImageObject\",\"inLanguage\":\"es\",\"@id\":\"http:\\\/\\\/box5757.temp.domains\\\/~mitcreat\\\/#\\\/schema\\\/logo\\\/image\\\/\",\"url\":\"\",\"contentUrl\":\"\",\"width\":133,\"height\":89,\"caption\":\"MIT creators\"},\"image\":{\"@id\":\"http:\\\/\\\/box5757.temp.domains\\\/~mitcreat\\\/#\\\/schema\\\/logo\\\/image\\\/\"},\"sameAs\":[\"https:\\\/\\\/www.linkedin.com\\\/in\\\/mitcreators\\\/\"]},{\"@type\":\"Person\",\"@id\":\"http:\\\/\\\/box5757.temp.domains\\\/~mitcreat\\\/#\\\/schema\\\/person\\\/1d249f1d2b5e8fc3047de69871343baa\",\"name\":\"Gabriela\"}]}<\/script>\n<!-- \/ Yoast SEO plugin. -->","yoast_head_json":{"title":"Barcelona, una de las ciudades m\u00e1s sostenibles de Europa","description":"Descubra por qu\u00e9 Barcelona es una ciudad l\u00edder en sostenibilidad, con transportes ecol\u00f3gicos, espacios verdes y una planificaci\u00f3n urbana inteligente.","robots":{"index":"index","follow":"follow","max-snippet":"max-snippet:-1","max-image-preview":"max-image-preview:large","max-video-preview":"max-video-preview:-1"},"canonical":"https:\/\/mitcreators.com\/es\/blog\/barcelona-uno-de-los-destinos-de-eventos-mas-sostenibles-de-europa\/","og_locale":"es_ES","og_type":"article","og_title":"Barcelona, una de las ciudades m\u00e1s sostenibles de Europa","og_description":"Descubra por qu\u00e9 Barcelona es una ciudad l\u00edder en sostenibilidad, con transportes ecol\u00f3gicos, espacios verdes y una planificaci\u00f3n urbana inteligente.","og_url":"https:\/\/mitcreators.com\/es\/blog\/barcelona-uno-de-los-destinos-de-eventos-mas-sostenibles-de-europa\/","og_site_name":"MIT creators","article_published_time":"2025-05-21T14:34:07+00:00","article_modified_time":"2025-05-27T10:21:28+00:00","og_image":[{"width":1920,"height":1080,"url":"https:\/\/mitcreators.com\/wp-content\/uploads\/2025\/05\/ciudad-sostenible.jpeg","type":"image\/jpeg"}],"author":"Gabriela","twitter_card":"summary_large_image","twitter_misc":{"Escrito por":"Gabriela","Tiempo de lectura":"4 minutos"},"schema":{"@context":"https:\/\/schema.org","@graph":[{"@type":"Article","@id":"https:\/\/mitcreators.com\/es\/blog\/barcelona-uno-de-los-destinos-de-eventos-mas-sostenibles-de-europa\/#article","isPartOf":{"@id":"https:\/\/mitcreators.com\/es\/blog\/barcelona-uno-de-los-destinos-de-eventos-mas-sostenibles-de-europa\/"},"author":{"name":"Gabriela","@id":"http:\/\/box5757.temp.domains\/~mitcreat\/#\/schema\/person\/1d249f1d2b5e8fc3047de69871343baa"},"headline":"Barcelona, uno de los destinos de eventos m\u00e1s sostenibles de Europa","datePublished":"2025-05-21T14:34:07+00:00","dateModified":"2025-05-27T10:21:28+00:00","mainEntityOfPage":{"@id":"https:\/\/mitcreators.com\/es\/blog\/barcelona-uno-de-los-destinos-de-eventos-mas-sostenibles-de-europa\/"},"wordCount":728,"publisher":{"@id":"http:\/\/box5757.temp.domains\/~mitcreat\/#organization"},"image":{"@id":"https:\/\/mitcreators.com\/es\/blog\/barcelona-uno-de-los-destinos-de-eventos-mas-sostenibles-de-europa\/#primaryimage"},"thumbnailUrl":"https:\/\/mitcreators.com\/wp-content\/uploads\/2025\/05\/ciudad-sostenible.jpeg","keywords":["Eventos ecol\u00f3gicos","Eventos sostenibles","Los mejores lugares para eventos de empresa"],"inLanguage":"es"},{"@type":"WebPage","@id":"https:\/\/mitcreators.com\/es\/blog\/barcelona-uno-de-los-destinos-de-eventos-mas-sostenibles-de-europa\/","url":"https:\/\/mitcreators.com\/es\/blog\/barcelona-uno-de-los-destinos-de-eventos-mas-sostenibles-de-europa\/","name":"Barcelona, una de las ciudades m\u00e1s sostenibles de Europa","isPartOf":{"@id":"http:\/\/box5757.temp.domains\/~mitcreat\/#website"},"primaryImageOfPage":{"@id":"https:\/\/mitcreators.com\/es\/blog\/barcelona-uno-de-los-destinos-de-eventos-mas-sostenibles-de-europa\/#primaryimage"},"image":{"@id":"https:\/\/mitcreators.com\/es\/blog\/barcelona-uno-de-los-destinos-de-eventos-mas-sostenibles-de-europa\/#primaryimage"},"thumbnailUrl":"https:\/\/mitcreators.com\/wp-content\/uploads\/2025\/05\/ciudad-sostenible.jpeg","datePublished":"2025-05-21T14:34:07+00:00","dateModified":"2025-05-27T10:21:28+00:00","description":"Descubra por qu\u00e9 Barcelona es una ciudad l\u00edder en sostenibilidad, con transportes ecol\u00f3gicos, espacios verdes y una planificaci\u00f3n urbana inteligente.","breadcrumb":{"@id":"https:\/\/mitcreators.com\/es\/blog\/barcelona-uno-de-los-destinos-de-eventos-mas-sostenibles-de-europa\/#breadcrumb"},"inLanguage":"es","potentialAction":[{"@type":"ReadAction","target":["https:\/\/mitcreators.com\/es\/blog\/barcelona-uno-de-los-destinos-de-eventos-mas-sostenibles-de-europa\/"]}]},{"@type":"ImageObject","inLanguage":"es","@id":"https:\/\/mitcreators.com\/es\/blog\/barcelona-uno-de-los-destinos-de-eventos-mas-sostenibles-de-europa\/#primaryimage","url":"https:\/\/mitcreators.com\/wp-content\/uploads\/2025\/05\/ciudad-sostenible.jpeg","contentUrl":"https:\/\/mitcreators.com\/wp-content\/uploads\/2025\/05\/ciudad-sostenible.jpeg","width":1920,"height":1080,"caption":"Building in Barcelona with trees in the balcony"},{"@type":"BreadcrumbList","@id":"https:\/\/mitcreators.com\/es\/blog\/barcelona-uno-de-los-destinos-de-eventos-mas-sostenibles-de-europa\/#breadcrumb","itemListElement":[{"@type":"ListItem","position":1,"name":"Home","item":"https:\/\/mitcreators.com\/es\/"},{"@type":"ListItem","position":2,"name":"Barcelona, uno de los destinos de eventos m\u00e1s sostenibles de Europa"}]},{"@type":"WebSite","@id":"http:\/\/box5757.temp.domains\/~mitcreat\/#website","url":"http:\/\/box5757.temp.domains\/~mitcreat\/","name":"MIT creators","description":"Marketing, incentive and travel solutions","publisher":{"@id":"http:\/\/box5757.temp.domains\/~mitcreat\/#organization"},"alternateName":"MIT","potentialAction":[{"@type":"SearchAction","target":{"@type":"EntryPoint","urlTemplate":"http:\/\/box5757.temp.domains\/~mitcreat\/?s={search_term_string}"},"query-input":{"@type":"PropertyValueSpecification","valueRequired":true,"valueName":"search_term_string"}}],"inLanguage":"es"},{"@type":"Organization","@id":"http:\/\/box5757.temp.domains\/~mitcreat\/#organization","name":"MIT creators","alternateName":"MIT creators","url":"http:\/\/box5757.temp.domains\/~mitcreat\/","logo":{"@type":"ImageObject","inLanguage":"es","@id":"http:\/\/box5757.temp.domains\/~mitcreat\/#\/schema\/logo\/image\/","url":"","contentUrl":"","width":133,"height":89,"caption":"MIT creators"},"image":{"@id":"http:\/\/box5757.temp.domains\/~mitcreat\/#\/schema\/logo\/image\/"},"sameAs":["https:\/\/www.linkedin.com\/in\/mitcreators\/"]},{"@type":"Person","@id":"http:\/\/box5757.temp.domains\/~mitcreat\/#\/schema\/person\/1d249f1d2b5e8fc3047de69871343baa","name":"Gabriela"}]}},"_links":{"self":[{"href":"https:\/\/mitcreators.com\/es\/wp-json\/wp\/v2\/posts\/5125","targetHints":{"allow":["GET"]}}],"collection":[{"href":"https:\/\/mitcreators.com\/es\/wp-json\/wp\/v2\/posts"}],"about":[{"href":"https:\/\/mitcreators.com\/es\/wp-json\/wp\/v2\/types\/post"}],"author":[{"embeddable":true,"href":"https:\/\/mitcreators.com\/es\/wp-json\/wp\/v2\/users\/7"}],"replies":[{"embeddable":true,"href":"https:\/\/mitcreators.com\/es\/wp-json\/wp\/v2\/comments?post=5125"}],"version-history":[{"count":1,"href":"https:\/\/mitcreators.com\/es\/wp-json\/wp\/v2\/posts\/5125\/revisions"}],"predecessor-version":[{"id":5128,"href":"https:\/\/mitcreators.com\/es\/wp-json\/wp\/v2\/posts\/5125\/revisions\/5128"}],"wp:featuredmedia":[{"embeddable":true,"href":"https:\/\/mitcreators.com\/es\/wp-json\/wp\/v2\/media\/4559"}],"wp:attachment":[{"href":"https:\/\/mitcreators.com\/es\/wp-json\/wp\/v2\/media?parent=5125"}],"wp:term":[{"taxonomy":"category","embeddable":true,"href":"https:\/\/mitcreators.com\/es\/wp-json\/wp\/v2\/categories?post=5125"},{"taxonomy":"post_tag","embeddable":true,"href":"https:\/\/mitcreators.com\/es\/wp-json\/wp\/v2\/tags?post=5125"}],"curies":[{"name":"wp","href":"https:\/\/api.w.org\/{rel}","templated":true}]}}